{"id":1342,"date":"2025-09-30T09:30:02","date_gmt":"2025-09-30T15:30:02","guid":{"rendered":"https:\/\/evida.ugto.mx\/learning\/?p=1342"},"modified":"2025-10-29T09:45:06","modified_gmt":"2025-10-29T15:45:06","slug":"leccion-6-la-filosofia-como-herramienta-para-el-pensamiento-critico","status":"publish","type":"post","link":"https:\/\/evida.ugto.mx\/learning\/leccion-6-la-filosofia-como-herramienta-para-el-pensamiento-critico\/","title":{"rendered":"Lecci\u00f3n 6. La filosof\u00eda como herramienta para el pensamiento cr\u00edtico"},"content":{"rendered":"\n<h2 class=\"wp-block-heading has-text-align-center has-nv-c-2-color has-text-color has-link-color wp-elements-9e66ac66e8aa870b5eb0d694ea945f34\">Introducci\u00f3n<\/h2>\n\n\n\n<p>Vivimos en una era de sobreinformaci\u00f3n: noticias, opiniones y datos circulan a una velocidad vertiginosa. En medio de este torbellino, el pensamiento cr\u00edtico se convierte en una habilidad esencial para distinguir lo verdadero de lo falso, lo importante de lo trivial, lo justo de lo injusto.<\/p>\n\n\n\n<p>La filosof\u00eda, desde S\u00f3crates hasta nuestros d\u00edas, ha sido una escuela de pensamiento cr\u00edtico. No se limita a transmitir ideas, sino que ense\u00f1a a preguntar, analizar y argumentar. En esta lecci\u00f3n veremos c\u00f3mo los m\u00e9todos y actitudes filos\u00f3ficas nos ayudan a pensar con mayor claridad, a detectar falacias y a tomar decisiones m\u00e1s razonadas en la vida cotidiana.<\/p>\n\n\n\n<h2 class=\"wp-block-heading has-text-align-center has-nv-c-2-color has-text-color has-link-color wp-elements-2cd49346538ce676da59510eb60ff458\">Desarrollo del tema<\/h2>\n\n\n\n<h3 class=\"wp-block-heading has-text-align-center has-nv-c-1-color has-text-color has-link-color wp-elements-9a5d7337ba29cc947ea5175be4e1d231\">El pensamiento cr\u00edtico: un legado socr\u00e1tico<\/h3>\n\n\n\n<p>S\u00f3crates sosten\u00eda que \u201cuna vida no examinada no merece ser vivida\u201d. Su m\u00e9todo de di\u00e1logo \u2014la may\u00e9utica\u2014 consist\u00eda en hacer preguntas incisivas que obligaban a sus interlocutores a justificar sus creencias. Este esp\u00edritu sigue vivo en el pensamiento cr\u00edtico: no aceptar nada sin antes examinarlo.<\/p>\n\n\n\n<p>El pensamiento cr\u00edtico no significa desconfiar de todo, sino aprender a fundamentar las ideas y a reconocer los l\u00edmites de nuestro propio conocimiento. Implica escuchar con apertura, pero tambi\u00e9n argumentar con rigor.<\/p>\n\n\n\n<p><strong>Figura 16<\/strong><em><br>La may\u00e9utica consiste en el arte de hacer preguntas para que una persona descubra la verdad por s\u00ed misma<\/em><\/p>\n\n\n\n<figure class=\"wp-block-image size-large\"><img data-recalc-dims=\"1\" loading=\"lazy\" decoding=\"async\" width=\"1024\" height=\"576\" src=\"https:\/\/i0.wp.com\/evida.ugto.mx\/learning\/wp-content\/uploads\/sites\/7\/2025\/09\/16_La-mayeutica.jpg?resize=1024%2C576&#038;ssl=1\" alt=\"La may\u00e9utica consiste en el arte de hacer preguntas para que una persona descubra la verdad por s\u00ed misma.\" class=\"wp-image-1318\" srcset=\"https:\/\/i0.wp.com\/evida.ugto.mx\/learning\/wp-content\/uploads\/sites\/7\/2025\/09\/16_La-mayeutica.jpg?resize=1024%2C576&amp;ssl=1 1024w, https:\/\/i0.wp.com\/evida.ugto.mx\/learning\/wp-content\/uploads\/sites\/7\/2025\/09\/16_La-mayeutica.jpg?resize=300%2C169&amp;ssl=1 300w, https:\/\/i0.wp.com\/evida.ugto.mx\/learning\/wp-content\/uploads\/sites\/7\/2025\/09\/16_La-mayeutica.jpg?resize=768%2C432&amp;ssl=1 768w, https:\/\/i0.wp.com\/evida.ugto.mx\/learning\/wp-content\/uploads\/sites\/7\/2025\/09\/16_La-mayeutica.jpg?resize=1536%2C864&amp;ssl=1 1536w, https:\/\/i0.wp.com\/evida.ugto.mx\/learning\/wp-content\/uploads\/sites\/7\/2025\/09\/16_La-mayeutica.jpg?w=1920&amp;ssl=1 1920w\" sizes=\"auto, (max-width: 1024px) 100vw, 1024px\" \/><\/figure>\n\n\n\n<h3 class=\"wp-block-heading has-text-align-center has-nv-c-1-color has-text-color has-link-color wp-elements-96ba0dcc4d0a8c9d8fb9c4e1779b2ffe\">Herramientas filos\u00f3ficas para pensar mejor<\/h3>\n\n\n\n<p>La filosof\u00eda ha desarrollado herramientas que fortalecen el pensamiento cr\u00edtico:<\/p>\n\n\n\n<ul class=\"wp-block-list\">\n<li><strong>L\u00f3gica:<\/strong> nos ense\u00f1a a identificar razonamientos v\u00e1lidos y a detectar errores en los argumentos. Por ejemplo, reconocer falacias como la generalizaci\u00f3n apresurada (\u201ctodos los j\u00f3venes son irresponsables\u201d) o el ataque ad hominem (\u201cno creas en lo que dice porque es pobre\u201d).<\/li>\n\n\n\n<li><strong>\u00c9tica del di\u00e1logo:<\/strong> inspirada en autores como Habermas, promueve el debate basado en razones y no en imposiciones, buscando acuerdos racionales.<\/li>\n\n\n\n<li><strong>Epistemolog\u00eda:<\/strong> nos ayuda a distinguir entre opini\u00f3n y conocimiento justificado, algo clave en tiempos de noticias falsas y desinformaci\u00f3n.<\/li>\n<\/ul>\n\n\n\n<p>Estas herramientas no son teor\u00edas lejanas: son recursos pr\u00e1cticos para analizar un discurso pol\u00edtico, un anuncio publicitario o una publicaci\u00f3n en redes sociales.<\/p>\n\n\n\n<h3 class=\"wp-block-heading has-text-align-center has-nv-c-1-color has-text-color has-link-color wp-elements-f7cdf283cb8e82b7bf6d13384e5342fa\">Pensamiento cr\u00edtico en la vida cotidiana<\/h3>\n\n\n\n<p>Aplicar pensamiento cr\u00edtico significa detenernos a reflexionar antes de actuar o de aceptar informaci\u00f3n. Algunos ejemplos cotidianos:<\/p>\n\n\n\n<ul class=\"wp-block-list\">\n<li>Al recibir una noticia viral, preguntarnos: \u00bfcu\u00e1l es la fuente?, \u00bfes confiable?, \u00bfhay evidencia?<\/li>\n\n\n\n<li>Al enfrentar un dilema personal, analizar las alternativas desde distintos enfoques \u00e9ticos.<\/li>\n\n\n\n<li>Al discutir con alguien, distinguir entre la persona y la validez de sus argumentos.<\/li>\n<\/ul>\n\n\n\n<p>El pensamiento cr\u00edtico tambi\u00e9n fomenta la <strong>autonom\u00eda intelectual<\/strong>: no depender de lo que otros digan, sino formar un juicio propio. Esta autonom\u00eda es indispensable en una sociedad democr\u00e1tica, donde la participaci\u00f3n ciudadana requiere ciudadanos capaces de reflexionar y deliberar.<\/p>\n\n\n\n<p><strong>Figura 17<\/strong><em><br>El pensamiento cr\u00edtico es la habilidad humana de analizar, evaluar y cuestionar la informaci\u00f3n de manera reflexiva<\/em><\/p>\n\n\n\n<figure class=\"wp-block-image size-full\"><img data-recalc-dims=\"1\" loading=\"lazy\" decoding=\"async\" width=\"1000\" height=\"666\" src=\"https:\/\/i0.wp.com\/evida.ugto.mx\/learning\/wp-content\/uploads\/sites\/7\/2025\/09\/17_pensamiento-critico.jpg?resize=1000%2C666&#038;ssl=1\" alt=\"El pensamiento cr\u00edtico es la habilidad humana de analizar, evaluar y cuestionar la informaci\u00f3n de manera reflexiva \" class=\"wp-image-1319\" srcset=\"https:\/\/i0.wp.com\/evida.ugto.mx\/learning\/wp-content\/uploads\/sites\/7\/2025\/09\/17_pensamiento-critico.jpg?w=1000&amp;ssl=1 1000w, https:\/\/i0.wp.com\/evida.ugto.mx\/learning\/wp-content\/uploads\/sites\/7\/2025\/09\/17_pensamiento-critico.jpg?resize=300%2C200&amp;ssl=1 300w, https:\/\/i0.wp.com\/evida.ugto.mx\/learning\/wp-content\/uploads\/sites\/7\/2025\/09\/17_pensamiento-critico.jpg?resize=768%2C511&amp;ssl=1 768w, https:\/\/i0.wp.com\/evida.ugto.mx\/learning\/wp-content\/uploads\/sites\/7\/2025\/09\/17_pensamiento-critico.jpg?resize=930%2C620&amp;ssl=1 930w\" sizes=\"auto, (max-width: 1000px) 100vw, 1000px\" \/><\/figure>\n\n\n\n<h3 class=\"wp-block-heading has-text-align-center has-nv-c-1-color has-text-color has-link-color wp-elements-f301001e5f3a2852278c41b02381b039\">Filosof\u00eda como pr\u00e1ctica de libertad<\/h3>\n\n\n\n<p>Finalmente, la filosof\u00eda nos recuerda que pensar cr\u00edticamente es un acto de libertad. Nos libera de prejuicios, dogmas y manipulaciones. Al mismo tiempo, nos hace responsables de nuestras decisiones: pensar por nosotros mismos implica responder por nuestras elecciones.<\/p>\n\n\n\n<p>En este sentido, la filosof\u00eda no solo forma mejores estudiantes o profesionales, sino tambi\u00e9n mejores ciudadanos y seres humanos.<\/p>\n\n\n<div class=\"h5p-iframe-wrapper\"><iframe id=\"h5p-iframe-115\" class=\"h5p-iframe\" data-content-id=\"115\" style=\"height:1px\" src=\"about:blank\" frameBorder=\"0\" scrolling=\"no\" title=\"Actividad 6\"><\/iframe><\/div>\n\n\n\n<h2 class=\"wp-block-heading has-text-align-center has-nv-c-2-color has-text-color has-link-color wp-elements-be9bfe5492e9c5d10c2077bca3ada533\">Conclusiones<\/h2>\n\n\n\n<p>La filosof\u00eda nos ense\u00f1a que pensar cr\u00edticamente es m\u00e1s que un h\u00e1bito intelectual: es una manera de vivir. Nos invita a examinar nuestras creencias, a argumentar con solidez y a dialogar con respeto.<\/p>\n\n\n\n<p>El pensamiento cr\u00edtico, nutrido por la filosof\u00eda, nos da herramientas para navegar en un mundo complejo, donde la informaci\u00f3n abunda y las decisiones tienen impacto profundo.<\/p>\n\n\n\n<p>Al final, filosofar es aprender a usar la raz\u00f3n con responsabilidad y libertad, construyendo as\u00ed una vida m\u00e1s consciente y una sociedad m\u00e1s justa.<\/p>\n\n\n\n<h2 class=\"wp-block-heading has-text-align-center has-nv-c-2-color has-text-color has-link-color wp-elements-c0f7e3c0cc6dbccbbbb1c22b927918a5\">Examen de comprensi\u00f3n lectora<\/h2>\n\n\n\n<p class=\"has-medium-font-size\"><strong>Instrucciones:<\/strong><\/p>\n\n\n\n<ul class=\"wp-block-list\">\n<li><strong>Revisa tus respuestas<\/strong>. Si cometes un error, recibir\u00e1s retroalimentaci\u00f3n que te ayudar\u00e1 a entender mejor el tema.<\/li>\n\n\n\n<li><strong>Lee cuidadosamente cada pregunta<\/strong>. Aseg\u00farate de comprender lo que se te pregunta antes de responder.<\/li>\n\n\n\n<li><strong>Selecciona la respuesta correcta<\/strong>. Para cada pregunta, elige entre \u00abVerdadero\u00bb o \u00abFalso\u00bb.<\/li>\n<\/ul>\n\n\n<div class=\"h5p-iframe-wrapper\"><iframe id=\"h5p-iframe-116\" class=\"h5p-iframe\" data-content-id=\"116\" style=\"height:1px\" src=\"about:blank\" frameBorder=\"0\" scrolling=\"no\" title=\"Examen de comprensi\u00f3n lectora\"><\/iframe><\/div>\n\n\n\n<div style=\"height:20px\" aria-hidden=\"true\" class=\"wp-block-spacer\"><\/div>\n\n\n\n<p class=\"has-text-align-center\">[<a href=\"https:\/\/evida.ugto.mx\/learning\/curso-en-linea-filosofia-para-todos-un-viaje-al-pensamiento-critico\/\">Regresar al curso<\/a>]<\/p>\n","protected":false},"excerpt":{"rendered":"<p>Introducci\u00f3n Vivimos en una era de sobreinformaci\u00f3n: noticias, opiniones y datos circulan a una velocidad vertiginosa. En medio de este torbellino, el pensamiento cr\u00edtico se convierte en una habilidad esencial para distinguir lo verdadero de lo falso, lo importante de lo trivial, lo justo de lo injusto. La filosof\u00eda, desde S\u00f3crates hasta nuestros d\u00edas, ha&hellip;&nbsp;<a href=\"https:\/\/evida.ugto.mx\/learning\/leccion-6-la-filosofia-como-herramienta-para-el-pensamiento-critico\/\" rel=\"bookmark\">Leer m\u00e1s &raquo;<span class=\"screen-reader-text\">Lecci\u00f3n 6. La filosof\u00eda como herramienta para el pensamiento cr\u00edtico<\/span><\/a><\/p>\n","protected":false},"author":2,"featured_media":1350,"comment_status":"closed","ping_status":"closed","sticky":false,"template":"","format":"standard","meta":{"_acf_changed":false,"neve_meta_sidebar":"","neve_meta_container":"","neve_meta_enable_content_width":"","neve_meta_content_width":0,"neve_meta_title_alignment":"","neve_meta_author_avatar":"","neve_post_elements_order":"","neve_meta_disable_header":"","neve_meta_disable_footer":"","neve_meta_disable_title":"","footnotes":""},"categories":[2,19],"tags":[],"class_list":["post-1342","post","type-post","status-publish","format-standard","has-post-thumbnail","hentry","category-desarrollo-de-talento","category-filosofia-para-todos-un-viaje-al-pensamiento-critico"],"acf":[],"_links":{"self":[{"href":"https:\/\/evida.ugto.mx\/learning\/wp-json\/wp\/v2\/posts\/1342","targetHints":{"allow":["GET"]}}],"collection":[{"href":"https:\/\/evida.ugto.mx\/learning\/wp-json\/wp\/v2\/posts"}],"about":[{"href":"https:\/\/evida.ugto.mx\/learning\/wp-json\/wp\/v2\/types\/post"}],"author":[{"embeddable":true,"href":"https:\/\/evida.ugto.mx\/learning\/wp-json\/wp\/v2\/users\/2"}],"replies":[{"embeddable":true,"href":"https:\/\/evida.ugto.mx\/learning\/wp-json\/wp\/v2\/comments?post=1342"}],"version-history":[{"count":3,"href":"https:\/\/evida.ugto.mx\/learning\/wp-json\/wp\/v2\/posts\/1342\/revisions"}],"predecessor-version":[{"id":1429,"href":"https:\/\/evida.ugto.mx\/learning\/wp-json\/wp\/v2\/posts\/1342\/revisions\/1429"}],"wp:featuredmedia":[{"embeddable":true,"href":"https:\/\/evida.ugto.mx\/learning\/wp-json\/wp\/v2\/media\/1350"}],"wp:attachment":[{"href":"https:\/\/evida.ugto.mx\/learning\/wp-json\/wp\/v2\/media?parent=1342"}],"wp:term":[{"taxonomy":"category","embeddable":true,"href":"https:\/\/evida.ugto.mx\/learning\/wp-json\/wp\/v2\/categories?post=1342"},{"taxonomy":"post_tag","embeddable":true,"href":"https:\/\/evida.ugto.mx\/learning\/wp-json\/wp\/v2\/tags?post=1342"}],"curies":[{"name":"wp","href":"https:\/\/api.w.org\/{rel}","templated":true}]}}