{"id":1061,"date":"2024-06-07T16:27:33","date_gmt":"2024-06-07T14:27:33","guid":{"rendered":"https:\/\/evida.ugto.mx\/catalogo\/?p=1061"},"modified":"2025-11-19T12:10:34","modified_gmt":"2025-11-19T18:10:34","slug":"la-economia-y-la-crisis-de-2008-una-vision-keynesiana","status":"publish","type":"post","link":"https:\/\/evida.ugto.mx\/catalogo\/la-economia-y-la-crisis-de-2008-una-vision-keynesiana\/","title":{"rendered":"La econom\u00eda y la crisis de 2008: una visi\u00f3n keynesiana"},"content":{"rendered":"","protected":false},"excerpt":{"rendered":"<p>Comprender a qu\u00e9 se refieren los economistas con el t\u00e9rmino modelo as\u00ed como definir el concepto de equilibrio econ\u00f3mico e identificar por qu\u00e9 algunas econom\u00edas quedan estancadas, lo anterior en un contexto de probidad y eficacia.<\/p>\n","protected":false},"author":1,"featured_media":2619,"comment_status":"closed","ping_status":"closed","sticky":false,"template":"","format":"standard","meta":{"_acf_changed":false,"neve_meta_sidebar":"","neve_meta_container":"","neve_meta_enable_content_width":"","neve_meta_content_width":0,"neve_meta_title_alignment":"","neve_meta_author_avatar":"","neve_post_elements_order":"","neve_meta_disable_header":"","neve_meta_disable_footer":"","neve_meta_disable_title":"","footnotes":""},"categories":[41],"tags":[],"instancia":[30],"modalidad":[16],"programas-personalizados":[31],"tipo":[19],"class_list":["post-1061","post","type-post","status-publish","format-standard","has-post-thumbnail","hentry","category-ciencias-economico-y-administrativas","instancia-sistema-de-educacion-digital","modalidad-a-distancia","programas-personalizados-bajo-demanda","tipo-curso"],"acf":[],"_links":{"self":[{"href":"https:\/\/evida.ugto.mx\/catalogo\/wp-json\/wp\/v2\/posts\/1061","targetHints":{"allow":["GET"]}}],"collection":[{"href":"https:\/\/evida.ugto.mx\/catalogo\/wp-json\/wp\/v2\/posts"}],"about":[{"href":"https:\/\/evida.ugto.mx\/catalogo\/wp-json\/wp\/v2\/types\/post"}],"author":[{"embeddable":true,"href":"https:\/\/evida.ugto.mx\/catalogo\/wp-json\/wp\/v2\/users\/1"}],"replies":[{"embeddable":true,"href":"https:\/\/evida.ugto.mx\/catalogo\/wp-json\/wp\/v2\/comments?post=1061"}],"version-history":[{"count":1,"href":"https:\/\/evida.ugto.mx\/catalogo\/wp-json\/wp\/v2\/posts\/1061\/revisions"}],"predecessor-version":[{"id":3735,"href":"https:\/\/evida.ugto.mx\/catalogo\/wp-json\/wp\/v2\/posts\/1061\/revisions\/3735"}],"wp:featuredmedia":[{"embeddable":true,"href":"https:\/\/evida.ugto.mx\/catalogo\/wp-json\/wp\/v2\/media\/2619"}],"wp:attachment":[{"href":"https:\/\/evida.ugto.mx\/catalogo\/wp-json\/wp\/v2\/media?parent=1061"}],"wp:term":[{"taxonomy":"category","embeddable":true,"href":"https:\/\/evida.ugto.mx\/catalogo\/wp-json\/wp\/v2\/categories?post=1061"},{"taxonomy":"post_tag","embeddable":true,"href":"https:\/\/evida.ugto.mx\/catalogo\/wp-json\/wp\/v2\/tags?post=1061"},{"taxonomy":"instancia","embeddable":true,"href":"https:\/\/evida.ugto.mx\/catalogo\/wp-json\/wp\/v2\/instancia?post=1061"},{"taxonomy":"modalidad","embeddable":true,"href":"https:\/\/evida.ugto.mx\/catalogo\/wp-json\/wp\/v2\/modalidad?post=1061"},{"taxonomy":"programas-personalizados","embeddable":true,"href":"https:\/\/evida.ugto.mx\/catalogo\/wp-json\/wp\/v2\/programas-personalizados?post=1061"},{"taxonomy":"tipo","embeddable":true,"href":"https:\/\/evida.ugto.mx\/catalogo\/wp-json\/wp\/v2\/tipo?post=1061"}],"curies":[{"name":"wp","href":"https:\/\/api.w.org\/{rel}","templated":true}]}}